{"id":3950,"date":"2011-04-14T05:29:30","date_gmt":"2011-04-14T02:29:30","guid":{"rendered":"https:\/\/teuli.net\/?p=3950"},"modified":"2018-10-20T05:31:27","modified_gmt":"2018-10-20T02:31:27","slug":"teeme-ara-2011","status":"publish","type":"post","link":"https:\/\/teuli.net\/?p=3950","title":{"rendered":"Teeme \u00e4ra 2011"},"content":{"rendered":"<p><img loading=\"lazy\" decoding=\"async\" class=\"aligncenter size-full wp-image-3951\" src=\"https:\/\/teuli.net\/wp-content\/uploads\/2018\/10\/teemeara468x60.gif\" alt=\"\" width=\"468\" height=\"60\"\/><\/p>\n<p>Sellel aastal on meie kandis valida koguni kolme talgukoha vahel:<\/p>\n<p><a href=\"http:\/\/talgud.teemeara.ee\/events\/aidu-vaateplatvormi-korrastamine\" target=\"_blank\" rel=\"noopener\">Aidu vaateplatvormi korrastamine<\/a><\/p>\n<p><a href=\"http:\/\/talgud.teemeara.ee\/events\/purtse-joe-kalda-ja-maidla-tuuleveski-uembruse-korrastamine\" target=\"_blank\" rel=\"noopener\">Purtse j\u00f5e kalda ja Maidla tuuleveski \u00fcmbruse korrastamine<\/a><\/p>\n<p><a href=\"http:\/\/talgud.teemeara.ee\/events\/ponev-paeev-kivioli-tuhamaeel\" target=\"_blank\" rel=\"noopener\">P\u00f5nev p\u00e4ev Kivi\u00f5li tuham\u00e4el<\/a><\/p>\n<p>Nii et iga\u00fcks saab valida, kuidas ja kus ta oma laup\u00e4evakut veedab, kuna kellaajad ei kattu, saab ka mitmest osa v\u00f5tta.<\/p>\n<p>Aidu oma osutus piiratud kohtade poolest nii populaarseks, et enam sinna ennast registreerida ei saa.<\/p>\n<p><img loading=\"lazy\" decoding=\"async\" class=\"aligncenter size-full wp-image-3952\" src=\"https:\/\/teuli.net\/wp-content\/uploads\/2018\/10\/5460601176_d65b7e2059_z.jpg\" alt=\"\" width=\"640\" height=\"426\" srcset=\"https:\/\/teuli.net\/wp-content\/uploads\/2018\/10\/5460601176_d65b7e2059_z.jpg 640w, https:\/\/teuli.net\/wp-content\/uploads\/2018\/10\/5460601176_d65b7e2059_z-150x100.jpg 150w, https:\/\/teuli.net\/wp-content\/uploads\/2018\/10\/5460601176_d65b7e2059_z-300x200.jpg 300w\" sizes=\"auto, (max-width: 640px) 100vw, 640px\" \/><br \/>\nMaidla aga lubab kokku koguda k\u00f5ik m\u00f5tted, mis annaksid vanale veskile uue elu. Mida sina teeksid veskiga?<\/p>\n","protected":false},"excerpt":{"rendered":"<p>Sellel aastal on meie kandis valida koguni kolme talgukoha vahel: Aidu vaateplatvormi korrastamine Purtse j\u00f5e kalda ja Maidla tuuleveski \u00fcmbruse korrastamine P\u00f5nev p\u00e4ev Kivi\u00f5li tuham\u00e4el Nii et iga\u00fcks saab valida, kuidas ja kus ta oma laup\u00e4evakut veedab, kuna kellaajad ei kattu, saab ka mitmest osa v\u00f5tta. Aidu oma osutus piiratud kohtade poolest nii populaarseks, et &hellip; <\/p>\n<p class=\"link-more\"><a href=\"https:\/\/teuli.net\/?p=3950\" class=\"more-link\">Loe edasi<span class=\"screen-reader-text\"> &#8220;Teeme \u00e4ra 2011&#8221;<\/span><\/a><\/p>\n","protected":false},"author":1,"featured_media":0,"comment_status":"open","ping_status":"open","sticky":false,"template":"","format":"standard","meta":{"ngg_post_thumbnail":0,"footnotes":""},"categories":[6],"tags":[],"class_list":["post-3950","post","type-post","status-publish","format-standard","hentry","category-madis"],"_links":{"self":[{"href":"https:\/\/teuli.net\/index.php?rest_route=\/wp\/v2\/posts\/3950","targetHints":{"allow":["GET"]}}],"collection":[{"href":"https:\/\/teuli.net\/index.php?rest_route=\/wp\/v2\/posts"}],"about":[{"href":"https:\/\/teuli.net\/index.php?rest_route=\/wp\/v2\/types\/post"}],"author":[{"embeddable":true,"href":"https:\/\/teuli.net\/index.php?rest_route=\/wp\/v2\/users\/1"}],"replies":[{"embeddable":true,"href":"https:\/\/teuli.net\/index.php?rest_route=%2Fwp%2Fv2%2Fcomments&post=3950"}],"version-history":[{"count":1,"href":"https:\/\/teuli.net\/index.php?rest_route=\/wp\/v2\/posts\/3950\/revisions"}],"predecessor-version":[{"id":3953,"href":"https:\/\/teuli.net\/index.php?rest_route=\/wp\/v2\/posts\/3950\/revisions\/3953"}],"wp:attachment":[{"href":"https:\/\/teuli.net\/index.php?rest_route=%2Fwp%2Fv2%2Fmedia&parent=3950"}],"wp:term":[{"taxonomy":"category","embeddable":true,"href":"https:\/\/teuli.net\/index.php?rest_route=%2Fwp%2Fv2%2Fcategories&post=3950"},{"taxonomy":"post_tag","embeddable":true,"href":"https:\/\/teuli.net\/index.php?rest_route=%2Fwp%2Fv2%2Ftags&post=3950"}],"curies":[{"name":"wp","href":"https:\/\/api.w.org\/{rel}","templated":true}]}}