{"id":7707,"date":"2015-01-18T23:02:00","date_gmt":"2015-01-18T21:02:00","guid":{"rendered":"https:\/\/teuli.net\/?p=7707"},"modified":"2021-07-01T23:03:33","modified_gmt":"2021-07-01T20:03:33","slug":"millal-opilane-puhkab-oppetoost","status":"publish","type":"post","link":"https:\/\/teuli.net\/?p=7707","title":{"rendered":"Millal \u00f5pilane puhkab \u00f5ppet\u00f6\u00f6st?"},"content":{"rendered":"\n<figure class=\"wp-block-image size-large\"><img loading=\"lazy\" decoding=\"async\" width=\"715\" height=\"439\" src=\"https:\/\/teuli.net\/wp-content\/uploads\/2021\/07\/ajalugu.png\" alt=\"\" class=\"wp-image-7708\" srcset=\"https:\/\/teuli.net\/wp-content\/uploads\/2021\/07\/ajalugu.png 715w, https:\/\/teuli.net\/wp-content\/uploads\/2021\/07\/ajalugu-300x184.png 300w, https:\/\/teuli.net\/wp-content\/uploads\/2021\/07\/ajalugu-150x92.png 150w\" sizes=\"auto, (max-width: 715px) 100vw, 715px\" \/><\/figure>\n\n\n\n<p>\u00dcha rohkem r\u00e4\u00e4gime sellest, et lastele tuleks v\u00f5imaluse kaasa r\u00e4\u00e4kida k\u00f5ikides nendes asjades mis puudutavad neid. Muidugi on inimesi, kes v\u00e4idavad, et laps ei ole veel nii \u00a0haritud ja elukogenud, et saaks k\u00f5ikidest asjadest \u00f5igesti aru, kuid kustkohast algab elutarkus ja haritus? Eks k\u00f5ik peavad hakkama kusagilt pihta ning iga\u00fcks tunneb tegelikult ise, millal on tema valmis t\u00f5isistemal teemadel kaasa r\u00e4\u00e4kima. Siin ei saa \u00a0r\u00e4\u00e4kida \u00fcldisest vanusest vaid k\u00f5ik on individuaalne, kuid inimestele peab andma v\u00f5imaluse.<br \/>N\u00fc\u00fcd on t\u00f5statatud k\u00fcsimus, et kuidas peaks olema korraldatud \u00f5ppet\u00f6\u00f6. Tegelikult on k\u00f5ik ilusti kirja pandus sotsiaalministri m\u00e4\u00e4rusega <a rel=\"noreferrer noopener\" href=\"https:\/\/www.riigiteataja.ee\/akt\/13351102\" target=\"_blank\">Terviskekaitsen\u00f5uded kooli p\u00e4evakavale ja \u00f5ppekorraldusele<\/a> kus on kirjas palju olulisi punkte, mida aga koolid aastaid juba keelduvad t\u00e4itmast ning ma olen selles osas neid ka <a rel=\"noreferrer noopener\" href=\"http:\/\/uljam.teuli.net\/?p=21\" target=\"_blank\">korrale kutsunud<\/a>. Viimane korralekutsumine oli 11. jaanuaril, kui esmasp\u00e4evaks oli m\u00e4\u00e4ratud kontrollt\u00f6\u00f6, vaatamata sellele, et antud ainetund on olemas ka teisel n\u00e4dalap\u00e4eval. Kui vaadata kuup\u00e4eva millal on kontrollt\u00f6\u00f6 sissekanne tehtud, siis tegemist on j\u00f5ulup\u00fchadega. Ja siit tuleb ka j\u00e4reldus &#8211; \u00f5petaja ei oska ise puhata ning ei lase seda ka teistel teha. II j\u00f5ulup\u00fcha ei peaks olema p\u00e4ev kui tehakse koolit\u00f6\u00f6d v\u00f5i planeeritakse seda &#8211; ei \u00f5petajatel ega ka \u00f5pilastel.<br \/>\u00d5pilaste t\u00f6\u00f6p\u00e4ev on tegelikult m\u00e4\u00e4ramatult pikk ning \u00f5iguseid on tunduvalt v\u00e4hem kui kohustusi, kuid iga\u00fcks meist tahab ju ka aega iseenda jaoks, mitte et kogu p\u00e4ev on hommikust \u00f5htuni kellaajaliselt planeeritud ning oma elu \u00fcldse ei ole. Seet\u00f5ttu saan ma aru ka \u00fcleskutsest mis soovib\u00a0<a rel=\"noreferrer noopener\" href=\"https:\/\/www.facebook.com\/events\/873771102643277\/\" target=\"_blank\">n\u00e4dalavahetust \u00f5pilastele \u00f5pivabaks<\/a>. Tegemist ei ole ju tegelikult millegi ulmelisega! Ka mina ei v\u00f5ta t\u00f6\u00f6d koju kaasa ning miks peaksid lapsed seda tegema? Kui keegi r\u00e4\u00e4gib n\u00fc\u00fcd, et tema v\u00f5tab t\u00f6\u00f6d koju kaasa (nagu \u00f5petajad seda kindlasti teevad), siis see on teie koht oma \u00f5iguste eest seista, et ka kodus tehtud tunnid l\u00e4heksid t\u00f6\u00f6aja arvestuse sisse.<br \/>Kuigi see \u00fcleskutse n\u00e4ib veidi protestiavaldusena on tegemist tegelikult ju t\u00e4helepanu\u00a0suunamisega probleemile ning kohaga aruteluks &#8211; miks peavad \u00f5pilaste t\u00f6\u00f6p\u00e4evad olema pikemad kui t\u00e4iskasvanutel kui <a rel=\"noreferrer noopener\" href=\"https:\/\/www.riigiteataja.ee\/akt\/1011041\" target=\"_blank\">T\u00f6\u00f6- ja puhekaja seadus<\/a> s\u00e4testab v\u00e4ga t\u00e4psed normid nii t\u00e4iskasvanutele kui ka lastele. Tegelikku koolip\u00e4eva pikkust koos kodus \u00f5ppimisega, aga ei arvesta keegi.<br \/>Oled \u00f5pilane v\u00f5i \u00f5petaja &#8211; v\u00f5ta \u00fcks n\u00e4dal ette ning loe oma tegelikud t\u00f6\u00f6tunnid kokku ning v\u00f5rdle neid sellega mis kirja l\u00e4heb. Kui saad suurema numbri, siis on kusagil midagi v\u00e4ga korrast \u00e4ra! \u00c4kki puhkaks n\u00e4dalal\u00f5pul veidi ning tuleks esmasp\u00e4eval r\u00f5\u00f5msa ja puhanuna kooli?<\/p>\n","protected":false},"excerpt":{"rendered":"<p>\u00dcha rohkem r\u00e4\u00e4gime sellest, et lastele tuleks v\u00f5imaluse kaasa r\u00e4\u00e4kida k\u00f5ikides nendes asjades mis puudutavad neid. Muidugi on inimesi, kes v\u00e4idavad, et laps ei ole veel nii \u00a0haritud ja elukogenud, et saaks k\u00f5ikidest asjadest \u00f5igesti aru, kuid kustkohast algab elutarkus ja haritus? Eks k\u00f5ik peavad hakkama kusagilt pihta ning iga\u00fcks tunneb tegelikult ise, millal on &hellip; <\/p>\n<p class=\"link-more\"><a href=\"https:\/\/teuli.net\/?p=7707\" class=\"more-link\">Loe edasi<span class=\"screen-reader-text\"> &#8220;Millal \u00f5pilane puhkab \u00f5ppet\u00f6\u00f6st?&#8221;<\/span><\/a><\/p>\n","protected":false},"author":1,"featured_media":0,"comment_status":"open","ping_status":"open","sticky":false,"template":"","format":"standard","meta":{"ngg_post_thumbnail":0,"footnotes":""},"categories":[4],"tags":[],"class_list":["post-7707","post","type-post","status-publish","format-standard","hentry","category-uljam"],"_links":{"self":[{"href":"https:\/\/teuli.net\/index.php?rest_route=\/wp\/v2\/posts\/7707","targetHints":{"allow":["GET"]}}],"collection":[{"href":"https:\/\/teuli.net\/index.php?rest_route=\/wp\/v2\/posts"}],"about":[{"href":"https:\/\/teuli.net\/index.php?rest_route=\/wp\/v2\/types\/post"}],"author":[{"embeddable":true,"href":"https:\/\/teuli.net\/index.php?rest_route=\/wp\/v2\/users\/1"}],"replies":[{"embeddable":true,"href":"https:\/\/teuli.net\/index.php?rest_route=%2Fwp%2Fv2%2Fcomments&post=7707"}],"version-history":[{"count":1,"href":"https:\/\/teuli.net\/index.php?rest_route=\/wp\/v2\/posts\/7707\/revisions"}],"predecessor-version":[{"id":7709,"href":"https:\/\/teuli.net\/index.php?rest_route=\/wp\/v2\/posts\/7707\/revisions\/7709"}],"wp:attachment":[{"href":"https:\/\/teuli.net\/index.php?rest_route=%2Fwp%2Fv2%2Fmedia&parent=7707"}],"wp:term":[{"taxonomy":"category","embeddable":true,"href":"https:\/\/teuli.net\/index.php?rest_route=%2Fwp%2Fv2%2Fcategories&post=7707"},{"taxonomy":"post_tag","embeddable":true,"href":"https:\/\/teuli.net\/index.php?rest_route=%2Fwp%2Fv2%2Ftags&post=7707"}],"curies":[{"name":"wp","href":"https:\/\/api.w.org\/{rel}","templated":true}]}}