{"id":7874,"date":"2016-03-21T02:24:00","date_gmt":"2016-03-21T00:24:00","guid":{"rendered":"https:\/\/teuli.net\/?p=7874"},"modified":"2021-07-04T02:26:17","modified_gmt":"2021-07-03T23:26:17","slug":"teel-kooli","status":"publish","type":"post","link":"https:\/\/teuli.net\/?p=7874","title":{"rendered":"Teel kooli"},"content":{"rendered":"\n<figure class=\"wp-block-embed is-type-video is-provider-vimeo wp-block-embed-vimeo wp-embed-aspect-16-9 wp-has-aspect-ratio\"><div class=\"wp-block-embed__wrapper\">\nhttps:\/\/vimeo.com\/159635413\n<\/div><\/figure>\n\n\n\n<p>Selle poisi nimi on Ott. Eelmisel aastal alustasid Kivi\u00f5li I Keskkoolis oma \u00f5pinguid tema <a rel=\"noreferrer noopener\" href=\"https:\/\/klassileht.ee\/kooliaasta-algus\/\" target=\"_blank\">vend ja \u00f5ed<\/a>.\u00a0Ta on neid n\u00fc\u00fcd terve aasta k\u00f5rvalt j\u00e4lginud, et mida kool endast kujutab.<br \/>Kivi\u00f5li I Keskkoolil on visioon, mida tutvustas direktor \u00a0Heidi Uustalu 1. septembril 2015 aktusel &#8220;<a rel=\"noreferrer noopener\" href=\"https:\/\/klassileht.ee\/1-september-ilus-inimene\/\" target=\"_blank\">ILUS INIMENE<\/a>&#8220;:<\/p>\n\n\n\n<figure class=\"wp-block-embed is-type-video is-provider-youtube wp-block-embed-youtube wp-embed-aspect-16-9 wp-has-aspect-ratio\"><div class=\"wp-block-embed__wrapper\">\n<iframe loading=\"lazy\" title=\"ILUS INIMENE\" width=\"525\" height=\"295\" src=\"https:\/\/www.youtube.com\/embed\/0GTdTcEtEQA?start=684&#038;feature=oembed\" frameborder=\"0\" allow=\"accelerometer; autoplay; clipboard-write; encrypted-media; gyroscope; picture-in-picture; web-share\" referrerpolicy=\"strict-origin-when-cross-origin\" allowfullscreen><\/iframe>\n<\/div><\/figure>\n\n\n\n<p>Need on k\u00f5ik ilusad omadused, kuid kindlasti pole nimekiri l\u00f5plik. Ma usun, et Kivi\u00f5li I Keskool ehk KIK nagu nad ennast ise hellitavalt kutsuvad, aitab leida just need omadused mis viivad sihile. Kui tahad selles ise veenduda, siis kool ootab Sind 5. aprillil kell 18:00!<\/p>\n\n\n\n<figure class=\"wp-block-image size-large\"><img loading=\"lazy\" decoding=\"async\" width=\"1123\" height=\"1588\" src=\"https:\/\/teuli.net\/wp-content\/uploads\/2021\/07\/Kutse-kooli_page_1.jpg\" alt=\"\" class=\"wp-image-7875\" srcset=\"https:\/\/teuli.net\/wp-content\/uploads\/2021\/07\/Kutse-kooli_page_1.jpg 1123w, https:\/\/teuli.net\/wp-content\/uploads\/2021\/07\/Kutse-kooli_page_1-212x300.jpg 212w, https:\/\/teuli.net\/wp-content\/uploads\/2021\/07\/Kutse-kooli_page_1-106x150.jpg 106w, https:\/\/teuli.net\/wp-content\/uploads\/2021\/07\/Kutse-kooli_page_1-768x1086.jpg 768w, https:\/\/teuli.net\/wp-content\/uploads\/2021\/07\/Kutse-kooli_page_1-1086x1536.jpg 1086w\" sizes=\"auto, (max-width: 767px) 89vw, (max-width: 1000px) 54vw, (max-width: 1071px) 543px, 580px\" \/><\/figure>\n\n\n\n<p>Minuga kohtute enne kooli veel k\u00fcmnel korral ning ma aitan teil sinna j\u00f5uda, sest 1. septembril on koolimajas k\u00f5ige t\u00e4htsamad lapsed just meie mudilased!<\/p>\n\n\n\n<p><a href=\"https:\/\/klassileht.ee\/meist\/kontakt\/\" target=\"_blank\" rel=\"noreferrer noopener\">Uljam Teuli<\/a><\/p>\n","protected":false},"excerpt":{"rendered":"<p>Selle poisi nimi on Ott. Eelmisel aastal alustasid Kivi\u00f5li I Keskkoolis oma \u00f5pinguid tema vend ja \u00f5ed.\u00a0Ta on neid n\u00fc\u00fcd terve aasta k\u00f5rvalt j\u00e4lginud, et mida kool endast kujutab.Kivi\u00f5li I Keskkoolil on visioon, mida tutvustas direktor \u00a0Heidi Uustalu 1. septembril 2015 aktusel &#8220;ILUS INIMENE&#8220;: Need on k\u00f5ik ilusad omadused, kuid kindlasti pole nimekiri l\u00f5plik. Ma &hellip; <\/p>\n<p class=\"link-more\"><a href=\"https:\/\/teuli.net\/?p=7874\" class=\"more-link\">Loe edasi<span class=\"screen-reader-text\"> &#8220;Teel kooli&#8221;<\/span><\/a><\/p>\n","protected":false},"author":1,"featured_media":0,"comment_status":"open","ping_status":"open","sticky":false,"template":"","format":"standard","meta":{"ngg_post_thumbnail":0,"footnotes":""},"categories":[9,4],"tags":[],"class_list":["post-7874","post","type-post","status-publish","format-standard","hentry","category-ott","category-uljam"],"_links":{"self":[{"href":"https:\/\/teuli.net\/index.php?rest_route=\/wp\/v2\/posts\/7874","targetHints":{"allow":["GET"]}}],"collection":[{"href":"https:\/\/teuli.net\/index.php?rest_route=\/wp\/v2\/posts"}],"about":[{"href":"https:\/\/teuli.net\/index.php?rest_route=\/wp\/v2\/types\/post"}],"author":[{"embeddable":true,"href":"https:\/\/teuli.net\/index.php?rest_route=\/wp\/v2\/users\/1"}],"replies":[{"embeddable":true,"href":"https:\/\/teuli.net\/index.php?rest_route=%2Fwp%2Fv2%2Fcomments&post=7874"}],"version-history":[{"count":1,"href":"https:\/\/teuli.net\/index.php?rest_route=\/wp\/v2\/posts\/7874\/revisions"}],"predecessor-version":[{"id":7876,"href":"https:\/\/teuli.net\/index.php?rest_route=\/wp\/v2\/posts\/7874\/revisions\/7876"}],"wp:attachment":[{"href":"https:\/\/teuli.net\/index.php?rest_route=%2Fwp%2Fv2%2Fmedia&parent=7874"}],"wp:term":[{"taxonomy":"category","embeddable":true,"href":"https:\/\/teuli.net\/index.php?rest_route=%2Fwp%2Fv2%2Fcategories&post=7874"},{"taxonomy":"post_tag","embeddable":true,"href":"https:\/\/teuli.net\/index.php?rest_route=%2Fwp%2Fv2%2Ftags&post=7874"}],"curies":[{"name":"wp","href":"https:\/\/api.w.org\/{rel}","templated":true}]}}