{"id":7881,"date":"2016-03-08T02:30:00","date_gmt":"2016-03-08T00:30:00","guid":{"rendered":"https:\/\/teuli.net\/?p=7881"},"modified":"2021-07-04T02:30:54","modified_gmt":"2021-07-03T23:30:54","slug":"kivioli-i-keskkooli-teated-07-03-2016","status":"publish","type":"post","link":"https:\/\/teuli.net\/?p=7881","title":{"rendered":"Kivi\u00f5li I Keskkooli teated 07.03.2016"},"content":{"rendered":"\n<p>1.&nbsp;Alutaguse Noorte M\u00e4ngudel saavutas 6.-7. klasside arvestuses meie kooli 6. klassi korvpalliv\u00f5istkond&nbsp; II koha.<br \/>2.&nbsp;Kiitus meie kooli n\u00e4iteringile KIK\u00d5NG suurep\u00e4rase etenduse&nbsp; \u201eNapa veski\u201c eest Kukruse m\u00f5isas.<br \/>3.&nbsp;S\u00f5pruskohtumised korvpallis KIKi ja Kivi\u00f5li Vene kooli vahel 10. ja 15. m\u00e4rtsil kell 16.00.<br \/>4.&nbsp;17.-18. m\u00e4rtsil projektip\u00e4evad, et hakata organiseerima 1. juuni kohvikutep\u00e4eva.<br \/>5.&nbsp;\u00dcleskutse osalema J\u00f5geval 20. m\u00e4rtsil padjas\u00f5jas. \u00dcritus toimub 14-16 J\u00f5geva linna treeningstaadionil. Loodame kokku panna 30-inimeselise grupi.<br \/>6.&nbsp;8. m\u00e4rtsil on koolis k\u00fclas lavastaja ja vabakutseline n\u00e4itleja Kaarel Orum\u00e4gi. N\u00e4iteringile koolitus.<br \/>7.&nbsp;14. m\u00e4rtsil kell 18.00 emakeelep\u00e4evale p\u00fchendatud luule\u00f5htu.<\/p>\n","protected":false},"excerpt":{"rendered":"<p>1.&nbsp;Alutaguse Noorte M\u00e4ngudel saavutas 6.-7. klasside arvestuses meie kooli 6. klassi korvpalliv\u00f5istkond&nbsp; II koha.2.&nbsp;Kiitus meie kooli n\u00e4iteringile KIK\u00d5NG suurep\u00e4rase etenduse&nbsp; \u201eNapa veski\u201c eest Kukruse m\u00f5isas.3.&nbsp;S\u00f5pruskohtumised korvpallis KIKi ja Kivi\u00f5li Vene kooli vahel 10. ja 15. m\u00e4rtsil kell 16.00.4.&nbsp;17.-18. m\u00e4rtsil projektip\u00e4evad, et hakata organiseerima 1. juuni kohvikutep\u00e4eva.5.&nbsp;\u00dcleskutse osalema J\u00f5geval 20. m\u00e4rtsil padjas\u00f5jas. \u00dcritus toimub 14-16 J\u00f5geva &hellip; <\/p>\n<p class=\"link-more\"><a href=\"https:\/\/teuli.net\/?p=7881\" class=\"more-link\">Loe edasi<span class=\"screen-reader-text\"> &#8220;Kivi\u00f5li I Keskkooli teated 07.03.2016&#8221;<\/span><\/a><\/p>\n","protected":false},"author":1,"featured_media":0,"comment_status":"open","ping_status":"open","sticky":false,"template":"","format":"standard","meta":{"ngg_post_thumbnail":0,"footnotes":""},"categories":[8,7,6],"tags":[],"class_list":["post-7881","post","type-post","status-publish","format-standard","hentry","category-kadi","category-liis","category-madis"],"_links":{"self":[{"href":"https:\/\/teuli.net\/index.php?rest_route=\/wp\/v2\/posts\/7881","targetHints":{"allow":["GET"]}}],"collection":[{"href":"https:\/\/teuli.net\/index.php?rest_route=\/wp\/v2\/posts"}],"about":[{"href":"https:\/\/teuli.net\/index.php?rest_route=\/wp\/v2\/types\/post"}],"author":[{"embeddable":true,"href":"https:\/\/teuli.net\/index.php?rest_route=\/wp\/v2\/users\/1"}],"replies":[{"embeddable":true,"href":"https:\/\/teuli.net\/index.php?rest_route=%2Fwp%2Fv2%2Fcomments&post=7881"}],"version-history":[{"count":1,"href":"https:\/\/teuli.net\/index.php?rest_route=\/wp\/v2\/posts\/7881\/revisions"}],"predecessor-version":[{"id":7882,"href":"https:\/\/teuli.net\/index.php?rest_route=\/wp\/v2\/posts\/7881\/revisions\/7882"}],"wp:attachment":[{"href":"https:\/\/teuli.net\/index.php?rest_route=%2Fwp%2Fv2%2Fmedia&parent=7881"}],"wp:term":[{"taxonomy":"category","embeddable":true,"href":"https:\/\/teuli.net\/index.php?rest_route=%2Fwp%2Fv2%2Fcategories&post=7881"},{"taxonomy":"post_tag","embeddable":true,"href":"https:\/\/teuli.net\/index.php?rest_route=%2Fwp%2Fv2%2Ftags&post=7881"}],"curies":[{"name":"wp","href":"https:\/\/api.w.org\/{rel}","templated":true}]}}